{"id":2129,"date":"2017-10-05T00:00:00","date_gmt":"2017-10-04T22:00:00","guid":{"rendered":"https:\/\/www.gestoriadelaguardia.com\/?p=2129"},"modified":"2025-04-30T13:44:07","modified_gmt":"2025-04-30T11:44:07","slug":"modificacion-de-modelos-347-y-184","status":"publish","type":"post","link":"https:\/\/www.gestoriadelaguardia.com\/ca\/2017\/10\/modificacion-de-modelos-347-y-184\/","title":{"rendered":"Modificaci\u00f3 dels models 347 i 184"},"content":{"rendered":"<pre dir=\"ltr\" id=\"tw-target-text\" data-placeholder=\"Traducci\u00f3\" data-fulltext=\"\">Informem que hi ha un projecte d'Ordre que, entre altres q\u00fcestions, pret\u00e9n modificar els terminis de presentaci\u00f3 de diversos models com el 347 i el 184, de declaraci\u00f3 d'operacions amb tercers i de declaraci\u00f3 informativa de les entitats en r\u00e8gim d'atribuci\u00f3 de rendes, respectivament, avan\u00e7ant la seva presentaci\u00f3 de febrer a gener de l'any seg\u00fcent a qu\u00e8 es refereix la seva informaci\u00f3.\nEst\u00e0 previst, si s'aprova l'Ordre, que es comenci a aplicar ja a la presentaci\u00f3 dels models corresponents a 2017.<\/pre>\n","protected":false},"excerpt":{"rendered":"<p>Informem que hi ha un projecte d&#8217;Ordre que, entre altres q\u00fcestions, pret\u00e9n modificar els terminis de presentaci\u00f3 de diversos models com el 347 i el 184, de declaraci\u00f3 d&#8217;operacions amb tercers i de declaraci\u00f3 informativa de les entitats en r\u00e8gim d&#8217;atribuci\u00f3 de rendes, respectivament, avan\u00e7ant la seva presentaci\u00f3 de febrer a gener de l&#8217;any seg\u00fcent [&hellip;]<\/p>\n","protected":false},"author":1,"featured_media":0,"comment_status":"closed","ping_status":"closed","sticky":false,"template":"","format":"standard","meta":{"_et_pb_use_builder":"","_et_pb_old_content":"","_et_gb_content_width":"","footnotes":""},"categories":[14],"tags":[],"class_list":["post-2129","post","type-post","status-publish","format-standard","hentry","category-noticies"],"_links":{"self":[{"href":"https:\/\/www.gestoriadelaguardia.com\/ca\/wp-json\/wp\/v2\/posts\/2129","targetHints":{"allow":["GET"]}}],"collection":[{"href":"https:\/\/www.gestoriadelaguardia.com\/ca\/wp-json\/wp\/v2\/posts"}],"about":[{"href":"https:\/\/www.gestoriadelaguardia.com\/ca\/wp-json\/wp\/v2\/types\/post"}],"author":[{"embeddable":true,"href":"https:\/\/www.gestoriadelaguardia.com\/ca\/wp-json\/wp\/v2\/users\/1"}],"replies":[{"embeddable":true,"href":"https:\/\/www.gestoriadelaguardia.com\/ca\/wp-json\/wp\/v2\/comments?post=2129"}],"version-history":[{"count":1,"href":"https:\/\/www.gestoriadelaguardia.com\/ca\/wp-json\/wp\/v2\/posts\/2129\/revisions"}],"predecessor-version":[{"id":4706,"href":"https:\/\/www.gestoriadelaguardia.com\/ca\/wp-json\/wp\/v2\/posts\/2129\/revisions\/4706"}],"wp:attachment":[{"href":"https:\/\/www.gestoriadelaguardia.com\/ca\/wp-json\/wp\/v2\/media?parent=2129"}],"wp:term":[{"taxonomy":"category","embeddable":true,"href":"https:\/\/www.gestoriadelaguardia.com\/ca\/wp-json\/wp\/v2\/categories?post=2129"},{"taxonomy":"post_tag","embeddable":true,"href":"https:\/\/www.gestoriadelaguardia.com\/ca\/wp-json\/wp\/v2\/tags?post=2129"}],"curies":[{"name":"wp","href":"https:\/\/api.w.org\/{rel}","templated":true}]}}