{"id":2124,"date":"2017-04-26T00:00:00","date_gmt":"2017-04-25T22:00:00","guid":{"rendered":"https:\/\/www.gestoriadelaguardia.com\/?p=2124"},"modified":"2025-04-30T13:44:16","modified_gmt":"2025-04-30T11:44:16","slug":"el-treballador-que-comunica-la-seva-inassistencia-al-seu-lloc-de-treball-per-impagament-reiterat-de-salaris-no-dimiteix","status":"publish","type":"post","link":"https:\/\/www.gestoriadelaguardia.com\/ca\/2017\/04\/el-treballador-que-comunica-la-seva-inassistencia-al-seu-lloc-de-treball-per-impagament-reiterat-de-salaris-no-dimiteix\/","title":{"rendered":"El treballador que comunica la seva inassist\u00e8ncia al seu lloc de treball per impagament reiterat de salaris, no dimiteix."},"content":{"rendered":"<style type=\"text\/css\"><!--\np.p1 {margin: 0.0px 0.0px 16.0px 0.0px; text-align: justify; font: 13.0px Verdana}\n--><\/style>\n<p>Sent\u00e8ncia del Tribunal Superior de Just\u00edcia de Castella i Lle\u00f3 de 10 d\u2019abril de 2017.<\/p>\n<p><a href=\"http:\/\/www.gestoriadelaguardia.com\/wp-content\/uploads\/2017\/04\/S_TSJCL_28-4-2016-3.doc\" target=\"_blank\" rel=\"noopener\"><b>\u00a0Veure aqu\u00ed<\/b><\/a><\/p>\n","protected":false},"excerpt":{"rendered":"<p>Sent\u00e8ncia del Tribunal Superior de Just\u00edcia de Castella i Lle\u00f3 de 10 d\u2019abril de 2017. \u00a0Veure aqu\u00ed<\/p>\n","protected":false},"author":1,"featured_media":0,"comment_status":"closed","ping_status":"closed","sticky":false,"template":"","format":"standard","meta":{"_et_pb_use_builder":"","_et_pb_old_content":"","_et_gb_content_width":"","footnotes":""},"categories":[14],"tags":[],"class_list":["post-2124","post","type-post","status-publish","format-standard","hentry","category-noticies"],"_links":{"self":[{"href":"https:\/\/www.gestoriadelaguardia.com\/ca\/wp-json\/wp\/v2\/posts\/2124","targetHints":{"allow":["GET"]}}],"collection":[{"href":"https:\/\/www.gestoriadelaguardia.com\/ca\/wp-json\/wp\/v2\/posts"}],"about":[{"href":"https:\/\/www.gestoriadelaguardia.com\/ca\/wp-json\/wp\/v2\/types\/post"}],"author":[{"embeddable":true,"href":"https:\/\/www.gestoriadelaguardia.com\/ca\/wp-json\/wp\/v2\/users\/1"}],"replies":[{"embeddable":true,"href":"https:\/\/www.gestoriadelaguardia.com\/ca\/wp-json\/wp\/v2\/comments?post=2124"}],"version-history":[{"count":1,"href":"https:\/\/www.gestoriadelaguardia.com\/ca\/wp-json\/wp\/v2\/posts\/2124\/revisions"}],"predecessor-version":[{"id":4716,"href":"https:\/\/www.gestoriadelaguardia.com\/ca\/wp-json\/wp\/v2\/posts\/2124\/revisions\/4716"}],"wp:attachment":[{"href":"https:\/\/www.gestoriadelaguardia.com\/ca\/wp-json\/wp\/v2\/media?parent=2124"}],"wp:term":[{"taxonomy":"category","embeddable":true,"href":"https:\/\/www.gestoriadelaguardia.com\/ca\/wp-json\/wp\/v2\/categories?post=2124"},{"taxonomy":"post_tag","embeddable":true,"href":"https:\/\/www.gestoriadelaguardia.com\/ca\/wp-json\/wp\/v2\/tags?post=2124"}],"curies":[{"name":"wp","href":"https:\/\/api.w.org\/{rel}","templated":true}]}}