{"id":2123,"date":"2017-04-26T00:00:00","date_gmt":"2017-04-25T22:00:00","guid":{"rendered":"https:\/\/www.gestoriadelaguardia.com\/?p=2123"},"modified":"2025-04-30T13:44:15","modified_gmt":"2025-04-30T11:44:15","slug":"registre-de-jornada-laboral-canvi-de-criteri-el-suprem-considera-no-es-procedent-lobligacio-de-registrar-el-comput-de-la-jornada-ordinaria","status":"publish","type":"post","link":"https:\/\/www.gestoriadelaguardia.com\/ca\/2017\/04\/registre-de-jornada-laboral-canvi-de-criteri-el-suprem-considera-no-es-procedent-lobligacio-de-registrar-el-comput-de-la-jornada-ordinaria\/","title":{"rendered":"Registre de Jornada Laboral. Canvi de criteri. El Suprem considera no \u00e9s procedent l\u2019obligaci\u00f3 de registrar el c\u00f2mput de la jornada ordin\u00e0ria."},"content":{"rendered":"<style type=\"text\/css\"><!--\np.p1 {margin: 0.0px 0.0px 0.0px 0.0px; font: 14.0px Times; color: #323333}\n--><\/style>\n<p>El Tribunal Suprem, a la seva Sent\u00e8ncia de 23 de mar\u00e7 de 2017, ha anul\u00b7lat la Sentencia de l\u2019Audi\u00e8ncia Nacional de 4 de desembre de 2015 que va obligar a una entitat financera a establir un sistema de registre de la jornada di\u00e0ria dels seus treballadors. El Suprem ent\u00e9n que el deure de registrar la jornada a efectes del c\u00f2mput d\u2019hores extraordin\u00e0ries no procedeix quan aquestes no es realitzen.<\/p>\n<p><a href=\"http:\/\/www.gestoriadelaguardia.com\/wp-content\/uploads\/2017\/04\/SENTENCIA.pdf\" target=\"_blank\" rel=\"noopener\">Veure aqu\u00ed<\/a><\/p>\n<p>&nbsp;<\/p>\n","protected":false},"excerpt":{"rendered":"<p>El Tribunal Suprem, a la seva Sent\u00e8ncia de 23 de mar\u00e7 de 2017, ha anul\u00b7lat la Sentencia de l\u2019Audi\u00e8ncia Nacional de 4 de desembre de 2015 que va obligar a una entitat financera a establir un sistema de registre de la jornada di\u00e0ria dels seus treballadors. El Suprem ent\u00e9n que el deure de registrar la [&hellip;]<\/p>\n","protected":false},"author":1,"featured_media":0,"comment_status":"closed","ping_status":"closed","sticky":false,"template":"","format":"standard","meta":{"_et_pb_use_builder":"","_et_pb_old_content":"","_et_gb_content_width":"","footnotes":""},"categories":[14],"tags":[],"class_list":["post-2123","post","type-post","status-publish","format-standard","hentry","category-noticies"],"_links":{"self":[{"href":"https:\/\/www.gestoriadelaguardia.com\/ca\/wp-json\/wp\/v2\/posts\/2123","targetHints":{"allow":["GET"]}}],"collection":[{"href":"https:\/\/www.gestoriadelaguardia.com\/ca\/wp-json\/wp\/v2\/posts"}],"about":[{"href":"https:\/\/www.gestoriadelaguardia.com\/ca\/wp-json\/wp\/v2\/types\/post"}],"author":[{"embeddable":true,"href":"https:\/\/www.gestoriadelaguardia.com\/ca\/wp-json\/wp\/v2\/users\/1"}],"replies":[{"embeddable":true,"href":"https:\/\/www.gestoriadelaguardia.com\/ca\/wp-json\/wp\/v2\/comments?post=2123"}],"version-history":[{"count":1,"href":"https:\/\/www.gestoriadelaguardia.com\/ca\/wp-json\/wp\/v2\/posts\/2123\/revisions"}],"predecessor-version":[{"id":4715,"href":"https:\/\/www.gestoriadelaguardia.com\/ca\/wp-json\/wp\/v2\/posts\/2123\/revisions\/4715"}],"wp:attachment":[{"href":"https:\/\/www.gestoriadelaguardia.com\/ca\/wp-json\/wp\/v2\/media?parent=2123"}],"wp:term":[{"taxonomy":"category","embeddable":true,"href":"https:\/\/www.gestoriadelaguardia.com\/ca\/wp-json\/wp\/v2\/categories?post=2123"},{"taxonomy":"post_tag","embeddable":true,"href":"https:\/\/www.gestoriadelaguardia.com\/ca\/wp-json\/wp\/v2\/tags?post=2123"}],"curies":[{"name":"wp","href":"https:\/\/api.w.org\/{rel}","templated":true}]}}