{"id":2122,"date":"2017-04-26T00:00:00","date_gmt":"2017-04-25T22:00:00","guid":{"rendered":"https:\/\/www.gestoriadelaguardia.com\/?p=2122"},"modified":"2025-04-30T13:44:15","modified_gmt":"2025-04-30T11:44:15","slug":"entrada-en-funcionament-del-registre-de-parelles-de-fet-un-pas-insuficient-per-lequiparacio-de-drets-entre-parelles-de-fet-i-matrimonis","status":"publish","type":"post","link":"https:\/\/www.gestoriadelaguardia.com\/ca\/2017\/04\/entrada-en-funcionament-del-registre-de-parelles-de-fet-un-pas-insuficient-per-lequiparacio-de-drets-entre-parelles-de-fet-i-matrimonis\/","title":{"rendered":"ENTRADA EN FUNCIONAMENT DEL REGISTRE DE PARELLES DE FET. UN PAS INSUFICIENT PER L\u2019EQUIPARACI\u00d3 DE DRETS ENTRE PARELLES DE FET I MATRIMONIS."},"content":{"rendered":"<p>El Decret Llei 3\/2015 va disposar la creaci\u00f3 del Registre de parelles de fet, <span style=\"text-decoration: underline;\">que finalment ha entrat en funcionament aquesta setmana passada<\/span>, segons ordre de 29-8-2016.<\/p>\n<p>Amb la creaci\u00f3 d\u2019aquest Registre es pret\u00e9n crear un instrument m\u00e9s d\u2019acreditaci\u00f3 i d\u2019equiparaci\u00f3 drets de car\u00e0cter p\u00fablic entre parelles de fet i matrimonis.<\/p>\n<p>Per\u00f2 la realitat \u00e9s que avui dia, tot i el naixement d\u2019aquest Registre que permet i facilita la prova de l\u2019exist\u00e8ncia de la parella de fet, <span style=\"text-decoration: underline;\">les difer\u00e8ncies de drets entre un i altre tipus de parella s\u00f3n importants<\/span>.<\/p>\n<p>El matrimoni d\u00f3na molta m\u00e9s seguretat jur\u00eddica i facilita de forma autom\u00e0tica l\u2019acc\u00e8s a prestacions i drets, mentre que la parella de fet constitueix un r\u00e8gim molt m\u00e9s precari en quan a reconeixement de drets p\u00fablics on per exemple l\u2019acc\u00e8s a la pensi\u00f3 de viduetat <b><span style=\"text-decoration: underline;\">no<\/span><\/b> es produeix de forma autom\u00e0tica.<\/p>\n<p>Passem a destacar les difer\u00e8ncies que principalment s\u00f3n:<\/p>\n<p>-Dificultat d\u2019acc\u00e8s a la pensi\u00f3 de viudetat per les parelles de fet.<\/p>\n<p>-Impossibilitat de fer declaraci\u00f3 de la renda de forma conjunta les parelles de fet.<\/p>\n<p>-No dret de perm\u00eds retribu\u00eft a la feina en cas de constituci\u00f3 de parella de fet.<\/p>\n<p>-Difer\u00e8ncies de Drets en cas d\u2019extinci\u00f3 de la parella de fet, respecte el matrimoni.<\/p>\n<p>-Impossibilitat de demanar el canvi de nacionalitat en el cas de les parelles de fet.<\/p>\n<p>Totes aquestes difer\u00e8ncies demostren que l\u2019equiparaci\u00f3 de Drets est\u00e0 molt lluny de ser resolta, i que de moment s\u2019hagi d\u2019aconsellar que les parelles que vulguin gaudir de totes les prestacions p\u00fabliques i Drets sense cap tipus de limitaci\u00f3 hagin d\u2019optar pel matrimoni a l\u2019hora de formalitzar el seu vincle com a parella.<\/p>\n<p><b>Josep Pallej\u00e0 Monn\u00e9<\/b>.<br \/>\nAdvocat 684 Icar.<br \/>\nGestor Administratiu 231 Tarragona.<br \/>\nAdinistrador de finques 627 Tarragona.<\/p>\n","protected":false},"excerpt":{"rendered":"<p>El Decret Llei 3\/2015 va disposar la creaci\u00f3 del Registre de parelles de fet, que finalment ha entrat en funcionament aquesta setmana passada, segons ordre de 29-8-2016. Amb la creaci\u00f3 d\u2019aquest Registre es pret\u00e9n crear un instrument m\u00e9s d\u2019acreditaci\u00f3 i d\u2019equiparaci\u00f3 drets de car\u00e0cter p\u00fablic entre parelles de fet i matrimonis. Per\u00f2 la realitat \u00e9s [&hellip;]<\/p>\n","protected":false},"author":1,"featured_media":0,"comment_status":"closed","ping_status":"closed","sticky":false,"template":"","format":"standard","meta":{"_et_pb_use_builder":"","_et_pb_old_content":"","_et_gb_content_width":"","footnotes":""},"categories":[14],"tags":[],"class_list":["post-2122","post","type-post","status-publish","format-standard","hentry","category-noticies"],"_links":{"self":[{"href":"https:\/\/www.gestoriadelaguardia.com\/ca\/wp-json\/wp\/v2\/posts\/2122","targetHints":{"allow":["GET"]}}],"collection":[{"href":"https:\/\/www.gestoriadelaguardia.com\/ca\/wp-json\/wp\/v2\/posts"}],"about":[{"href":"https:\/\/www.gestoriadelaguardia.com\/ca\/wp-json\/wp\/v2\/types\/post"}],"author":[{"embeddable":true,"href":"https:\/\/www.gestoriadelaguardia.com\/ca\/wp-json\/wp\/v2\/users\/1"}],"replies":[{"embeddable":true,"href":"https:\/\/www.gestoriadelaguardia.com\/ca\/wp-json\/wp\/v2\/comments?post=2122"}],"version-history":[{"count":1,"href":"https:\/\/www.gestoriadelaguardia.com\/ca\/wp-json\/wp\/v2\/posts\/2122\/revisions"}],"predecessor-version":[{"id":4714,"href":"https:\/\/www.gestoriadelaguardia.com\/ca\/wp-json\/wp\/v2\/posts\/2122\/revisions\/4714"}],"wp:attachment":[{"href":"https:\/\/www.gestoriadelaguardia.com\/ca\/wp-json\/wp\/v2\/media?parent=2122"}],"wp:term":[{"taxonomy":"category","embeddable":true,"href":"https:\/\/www.gestoriadelaguardia.com\/ca\/wp-json\/wp\/v2\/categories?post=2122"},{"taxonomy":"post_tag","embeddable":true,"href":"https:\/\/www.gestoriadelaguardia.com\/ca\/wp-json\/wp\/v2\/tags?post=2122"}],"curies":[{"name":"wp","href":"https:\/\/api.w.org\/{rel}","templated":true}]}}